{"id":2672,"date":"2026-09-04T23:33:17","date_gmt":"2026-09-04T21:33:17","guid":{"rendered":"https:\/\/ecolesayu.deuxspirales.fr\/?p=2672"},"modified":"2026-09-04T23:33:58","modified_gmt":"2026-09-04T21:33:58","slug":"la-20eme-saison","status":"publish","type":"post","link":"https:\/\/ecolesayu.deuxspirales.fr\/index.php\/2026\/09\/04\/la-20eme-saison\/","title":{"rendered":"La 20\u00e8me saison"},"content":{"rendered":"\n<figure class=\"wp-block-image size-full is-resized\"><a href=\"https:\/\/ecolesayu.deuxspirales.fr\/wp-content\/uploads\/2026\/09\/tsuba.jpeg\"><img loading=\"lazy\" src=\"https:\/\/ecolesayu.deuxspirales.fr\/wp-content\/uploads\/2026\/09\/tsuba.jpeg\" alt=\"\" class=\"wp-image-2673\" width=\"317\" height=\"389\"\/><\/a><figcaption><em>(Tsuba de la p\u00e9riode Edo 18-19\u00e8me si\u00e8cles)<\/em><\/figcaption><\/figure>\n\n\n\n<h2 class=\"has-text-align-center\"><strong><span class=\"has-inline-color has-vivid-red-color\">La 20\u00e8me saison<\/span><\/strong><\/h2>\n\n\n\n<p>Une nouvelle saison s&rsquo;annonce.<br>Le temps passant vite, cette ann\u00e9e marque le 20e anniversaire de notre \u00e9cole. <br>Je suis combl\u00e9 de joie de constater que nous avons pu poursuivre notre mission jusqu&rsquo;ici. <br>Et je suis, par-dessus tout, profond\u00e9ment reconnaissant envers tous ceux qui nous ont soutenus et envers les \u00e9l\u00e8ves qui participent \u00e0 nos entra\u00eenements. <\/p>\n\n\n\n<p>&nbsp; De plus, j&rsquo;ai le plaisir d&rsquo;annoncer qu&rsquo;un livre retra\u00e7ant nos recherches men\u00e9es au cours de ces 20 ann\u00e9es sera traduit et bient\u00f4t publi\u00e9 par les \u00e9ditions Les Belles Lettres. <br>Il explore le c\u0153ur de l&rsquo;art du sabre et des arts martiaux japonais, notamment leurs liens avec la culture occidentale, d&rsquo;une mani\u00e8re in\u00e9dite, j&rsquo;esp\u00e8re que vous serez nombreux \u00e0 le lire.<\/p>\n\n\n\n<p> &nbsp; En attendant l&rsquo;ach\u00e8vement du nouveau dojo, l&rsquo;entra\u00eenement se poursuit au dojo Saint-Ambroise. <br>Cette ann\u00e9e, je souhaiterais que l&rsquo;on se concentre \u00e0 nouveau sur l&rsquo;Iai. <br>Comme vous le savez, l&rsquo;Iai est une voie qui permet de cultiver la souplesse du corps et de l&rsquo;esprit par la pratique du sabre japonais. <br>En prenant l&rsquo;Instrument sacr\u00e9, comme guide, on d\u00e9couvre son propre corps en tant que microcosme. <br>Et c&rsquo;est seulement lorsque ce microcosme s&rsquo;harmonise avec l&rsquo;espace environnant qu&rsquo;il peut v\u00e9ritablement donner la vie au sabre. <br>Autrement dit, il s&rsquo;agit ni plus ni moins d&rsquo;un chemin reliant le micro&nbsp; monde au macro monde. <br>C&rsquo;est aussi une exploration profonde des origines de l&rsquo;activit\u00e9 humaine&nbsp;: l&rsquo;utilisation des outils pour cr\u00e9er la culture et la vie. &nbsp; <\/p>\n\n\n\n<p>J&rsquo;esp\u00e8re sinc\u00e8rement que vous exp\u00e9rimenterez ce chemin de d\u00e9couverte de soi au sein de l&rsquo;espace. &nbsp; <\/p>\n\n\n\n<p class=\"has-text-align-right\"><em>Masato MATSUURA<\/em><\/p>\n\n\n\n<p><\/p>\n\n\n\n<h2 class=\"has-text-align-center\"><span class=\"has-inline-color has-vivid-red-color\"><strong>Rentr\u00e9e et cours avanc\u00e9s de la saison 2026-2027 &nbsp; <\/strong><\/span><\/h2>\n\n\n\n<p>Bonjour \u00e0 toutes et \u00e0 tous, <\/p>\n\n\n\n<p>&nbsp; Nous esp\u00e9rons que vous avez pass\u00e9 un belle afin d&rsquo;entamer la nouvelle saison qui s&rsquo;annonce sportive et pleine changement.<\/p>\n\n\n\n<p>&nbsp; &nbsp; La rentr\u00e9e aura lieu le&nbsp;<strong>mardi 15 septembre 2026 au Dojo Saint Ambroise de 20h30 \u00e0 22h<\/strong>.&nbsp; <br><strong>Le cours d&rsquo;essai est gratuit le mois de septembre.<\/strong> &nbsp; <\/p>\n\n\n\n<p>Les cours avanc\u00e9s auront lieux les&nbsp;<strong>vendredis de 19h30 \u00e0 21h au Dojo Saint Ambroise<\/strong>&nbsp;:<\/p>\n\n\n\n<ul><li>18 et 25 septembre<\/li><li>09 et 16 octobre<\/li><li>13 et 27 novembre<\/li><li>11 d\u00e9cembre<\/li><\/ul>\n\n\n\n<h2 class=\"has-text-align-center\"><span class=\"has-inline-color has-vivid-red-color\"><strong>Stage de Base de l&rsquo;Iai<\/strong> \u00a0 <\/span><\/h2>\n\n\n\n<p>Le stage sera ouvert \u00e0 tous et aura lieux le&nbsp;<strong>dimanche 27 septembre<\/strong>&nbsp;au&nbsp;<strong>centre sportif&nbsp; REIMS&nbsp;<\/strong>(32-34 boulevard de Reims, 75017, Paris) de 14h30 \u00e0 17h30.&nbsp; &nbsp; &nbsp; <\/p>\n\n\n\n<p>Nous vous souhaitons une agr\u00e9able semaine L&rsquo;\u00e9quipe des Deux Spirales<\/p>\n","protected":false},"excerpt":{"rendered":"<p>\u00e0 partir du 15 septembre<\/p>\n","protected":false},"author":1,"featured_media":2673,"comment_status":"closed","ping_status":"open","sticky":false,"template":"","format":"standard","meta":{"_et_pb_use_builder":"off","_et_pb_old_content":"","_et_gb_content_width":""},"categories":[3,5],"tags":[],"_links":{"self":[{"href":"https:\/\/ecolesayu.deuxspirales.fr\/index.php\/wp-json\/wp\/v2\/posts\/2672"}],"collection":[{"href":"https:\/\/ecolesayu.deuxspirales.fr\/index.php\/wp-json\/wp\/v2\/posts"}],"about":[{"href":"https:\/\/ecolesayu.deuxspirales.fr\/index.php\/wp-json\/wp\/v2\/types\/post"}],"author":[{"embeddable":true,"href":"https:\/\/ecolesayu.deuxspirales.fr\/index.php\/wp-json\/wp\/v2\/users\/1"}],"replies":[{"embeddable":true,"href":"https:\/\/ecolesayu.deuxspirales.fr\/index.php\/wp-json\/wp\/v2\/comments?post=2672"}],"version-history":[{"count":2,"href":"https:\/\/ecolesayu.deuxspirales.fr\/index.php\/wp-json\/wp\/v2\/posts\/2672\/revisions"}],"predecessor-version":[{"id":2675,"href":"https:\/\/ecolesayu.deuxspirales.fr\/index.php\/wp-json\/wp\/v2\/posts\/2672\/revisions\/2675"}],"wp:featuredmedia":[{"embeddable":true,"href":"https:\/\/ecolesayu.deuxspirales.fr\/index.php\/wp-json\/wp\/v2\/media\/2673"}],"wp:attachment":[{"href":"https:\/\/ecolesayu.deuxspirales.fr\/index.php\/wp-json\/wp\/v2\/media?parent=2672"}],"wp:term":[{"taxonomy":"category","embeddable":true,"href":"https:\/\/ecolesayu.deuxspirales.fr\/index.php\/wp-json\/wp\/v2\/categories?post=2672"},{"taxonomy":"post_tag","embeddable":true,"href":"https:\/\/ecolesayu.deuxspirales.fr\/index.php\/wp-json\/wp\/v2\/tags?post=2672"}],"curies":[{"name":"wp","href":"https:\/\/api.w.org\/{rel}","templated":true}]}}